{"id":3428,"date":"2025-05-18T12:44:51","date_gmt":"2025-05-18T11:44:51","guid":{"rendered":"https:\/\/www.ppdexpo.hu\/?p=3428"},"modified":"2025-06-11T12:48:30","modified_gmt":"2025-06-11T11:48:30","slug":"meglepetes-az-mna-group-ujdonsagokkal-keszul-az-idei-signexpora","status":"publish","type":"post","link":"https:\/\/www.ppdexpo.hu\/en\/meglepetes-az-mna-group-ujdonsagokkal-keszul-az-idei-signexpora\/","title":{"rendered":"Meglepet\u00e9s: az MNA Group \u00fajdons\u00e1gokkal k\u00e9sz\u00fcl az idei Signexp\u00f3ra"},"content":{"rendered":"<div class=\"fusion-fullwidth fullwidth-box fusion-builder-row-1 fusion-flex-container has-pattern-background has-mask-background nonhundred-percent-fullwidth non-hundred-percent-height-scrolling\" style=\"--awb-border-radius-top-left:0px;--awb-border-radius-top-right:0px;--awb-border-radius-bottom-right:0px;--awb-border-radius-bottom-left:0px;--awb-flex-wrap:wrap;\" ><div class=\"fusion-builder-row fusion-row fusion-flex-align-items-flex-start fusion-flex-content-wrap\" style=\"max-width:1216.8px;margin-left: calc(-4% \/ 2 );margin-right: calc(-4% \/ 2 );\"><div class=\"fusion-layout-column fusion_builder_column fusion-builder-column-0 fusion_builder_column_1_1 1_1 fusion-flex-column\" style=\"--awb-bg-size:cover;--awb-width-large:100%;--awb-margin-top-large:0px;--awb-spacing-right-large:1.92%;--awb-margin-bottom-large:0px;--awb-spacing-left-large:1.92%;--awb-width-medium:100%;--awb-order-medium:0;--awb-spacing-right-medium:1.92%;--awb-spacing-left-medium:1.92%;--awb-width-small:100%;--awb-order-small:0;--awb-spacing-right-small:1.92%;--awb-spacing-left-small:1.92%;\"><div class=\"fusion-column-wrapper fusion-column-has-shadow fusion-flex-justify-content-flex-start fusion-content-layout-column\"><div class=\"fusion-text fusion-text-1\"><p><strong>Az MNA Group Kft. neve ismer\u0151sen csenghet a\u00a0<a href=\"http:\/\/www.signexpo.hu\/\">SignExpo<\/a>\u2013<a href=\"https:\/\/www.ppdexpo.hu\/en\/\">PPD Expo<\/a>\u00a0l\u00e1togat\u00f3i sz\u00e1m\u00e1ra, hiszen m\u00e1r t\u00f6bbsz\u00f6r szerepeltek ki\u00e1ll\u00edt\u00f3k\u00e9nt. Az idei rendezv\u00e9nyen arra k\u00e9sz\u00fclnek, hogy \u00faj arcukat mutass\u00e1k meg. Err\u0151l mes\u00e9l Varga N\u00f3ra \u00e9s Vass M\u00e1t\u00e9, a k\u00e9t tulajdonos-\u00fcgyvezet\u0151.<\/strong><\/p>\n<p>Az MNA Group Kft. j\u00f6v\u0151re lesz 20 \u00e9ves. Fennmarad\u00e1suk \u00e9s fejl\u0151d\u00e9s\u00fck siker\u00e9nek titka t\u00f6bbek k\u00f6z\u00f6tt az, hogy akt\u00edv r\u00e9szvev\u0151i a nemzetk\u00f6zi piacnak \u00e9s proakt\u00edvan gondolkodva l\u00e9pnek, ha ezt sz\u00fcks\u00e9gesnek l\u00e1tj\u00e1k.<\/p>\n<p>N\u00e9h\u00e1ny \u00e9ve hoztunk egy strat\u00e9giai d\u00f6nt\u00e9st: 2024-t\u0151l a Fujifilm strat\u00e9giai partnerek\u00e9nt vagyunk jelen a magyarorsz\u00e1gi sz\u00ednt\u00e9ren \u2013 mondja Vass M\u00e1t\u00e9. \u2013 \u00c1ltal\u00e1ban, ha valaki meghallja a Fuji m\u00e1rkanevet, els\u0151re a f\u00e9nyk\u00e9pez\u0151g\u00e9p jut esz\u00e9be, pedig egy rendk\u00edv\u00fcl sz\u00e9les spektrumot lefed\u0151 gy\u00e1rt\u00f3r\u00f3l van sz\u00f3: az orvostechnikai eszk\u00f6z\u00f6kt\u0151l kezdve a vegyipari alapanyagokon \u00e9s adatt\u00e1rol\u00f3 kazett\u00e1kon \u00e1t a nagy nyomdaipari g\u00e9pekig sok mindennel foglalkozik. L\u00e1tva a Fujifilm glob\u00e1lis n\u00f6veked\u00e9s\u00e9t, eur\u00f3pai t\u00e9rnyer\u00e9s\u00e9t, \u00fagy d\u00f6nt\u00f6tt\u00fcnk, hogy v\u00e1ltunk. A Fujifilm nyomdaipari megold\u00e1sait szeretn\u00e9nk bemutatni \u00e9s megismertetni a magyar piacon. A Fujifilm digit\u00e1lis nyomdai \u00fczlet\u00e1ga 2020-ban kezdett intenz\u00edvebben terjeszkedni Eur\u00f3p\u00e1ban \u00e9s 2024-ben \u00e9rkeztek meg rajtunk kereszt\u00fcl Magyarorsz\u00e1gra a digit\u00e1lis nyomdaipari g\u00e9peikkel (POD \u2013 Print On Demand).<\/p>\n<p>Fenn\u00e1ll\u00e1sunk \u00f3ta a legnagyobb standot k\u00e9sz\u00fcl\u00fcnk fel\u00e9p\u00edteni az exp\u00f3ra, ami annak is k\u00f6sz\u00f6nhet\u0151, hogy a Fujifilm komoly er\u0151fesz\u00edt\u00e9st tesz annak \u00e9rdek\u00e9ben, hogy a m\u00e1rk\u00e1t min\u00e9l t\u00f6bben megismerj\u00e9k Magyarorsz\u00e1gon \u2013 veszi \u00e1t a sz\u00f3t Varga N\u00f3ra. \u2013 Nem v\u00e9letlen\u00fcl tett\u00fck le a voksunkat a Fujifilm mellett, mert a g\u00e9pek min\u0151s\u00e9ge \u00e9s megb\u00edzhat\u00f3s\u00e1ga \u2013 tapasztalataink alapj\u00e1n \u2013 rendk\u00edv\u00fcl kiemelked\u0151. Eddigi \u00fcgyf\u00e9l-visszajelz\u00e9seink \u00e1tlagon fel\u00fcliek \u00e9s mindemellett nagyra \u00e9rt\u00e9kelik a Fujifilm folyamatosan meg\u00fajul\u00f3 term\u00e9k-portf\u00f3li\u00f3j\u00e1t. Ennek az innov\u00e1ci\u00f3s t\u00f6rekv\u00e9snek a leg\u00fajabb m\u00e9rf\u00f6ldk\u00f6vei azok az \u00f6tsz\u00ednes nyomdag\u00e9pek, amik a napokban \u00e9rkeztek bemutat\u00f3term\u00fcnkbe.<\/p>\n<p>\u0150k lesznek a f\u0151szerepl\u0151i a Signexponak is: Fujifilm Revoria SC285S \u00e9s EC2100S a k\u00e9t eml\u00edtett g\u00e9p t\u00edpusa.<\/p>\n<p>Az MNA Group Kft. \u00fcgyfelei sz\u00e1m\u00e1ra fontos a szem\u00e9lyes kapcsolat a besz\u00e1ll\u00edt\u00f3val, \u00e9s az is, hogy b\u00e1rmilyen k\u00e9rd\u00e9s vagy probl\u00e9ma eset\u00e9n a lehet\u0151 leghamarabb kapjanak szem\u00e9lyre szabott t\u00e1mogat\u00e1st. Abban hisz\u00fcnk, hogy a szerviz min\u0151s\u00e9ge az, ami egy hossz\u00fa t\u00e1v\u00fa kapcsolatot befoly\u00e1sol. Jelent\u0151s saj\u00e1t rakt\u00e1rk\u00e9szlettel rendelkez\u00fcnk, \u00edgy akkor is tudunk kell\u00e9kanyagot vagy alkatr\u00e9szt biztos\u00edtani, ha b\u00e1rmilyen okb\u00f3l akadozna a k\u00fclf\u00f6ldi besz\u00e1ll\u00edt\u00e1s \u2013 ami nem szokatlan jelens\u00e9g a Covid \u00f3ta. Tudjuk, hogy a nyomd\u00e1k komoly k\u00f6tb\u00e9rrel dolgoznak, nem cs\u00faszhatnak el a megrendel\u00e9seikkel csak az\u00e9rt, mert a g\u00e9p alkatr\u00e9szcser\u00e9re szorul. Ezenk\u00edv\u00fcl kiemelked\u0151 k\u00edn\u00e1lat\u00fa bemutat\u00f3teremmel rendelkez\u00fcnk, \u00e9s a g\u00e9pek egyr\u00e9szt nagy baj eset\u00e9n munk\u00e1ra foghat\u00f3k, m\u00e1sr\u00e9szt csereg\u00e9pk\u00e9nt is haszn\u00e1lhat\u00f3k. A partnereink, ha egyszer \u00edgy kih\u00faztuk \u0151ket a bajb\u00f3l, nem felejtik el, \u00e9s loj\u00e1lisak hozz\u00e1nk.<\/p>\n<p>A bemutat\u00f3term\u00fcnkben szem\u00e9lyre szabott dem\u00f3kat tartunk, ez a sales folyamatunk szerves r\u00e9sze \u2013 \u00e1rulja el Vass M\u00e1t\u00e9. \u2013 Alapvet\u0151nek gondoljuk, hogy az \u00fcgyf\u00e9l pontosan tudja, mit vesz \u00e9s milyen szempontok alapj\u00e1n; \u00e9s k\u00f6zben mi is jobban megismerj\u00fck, \u00edgy szem\u00e9lyre szabottan tudjuk aj\u00e1nlani a sz\u00e1m\u00e1ra legink\u00e1bb megfelel\u0151 megold\u00e1st. A Fujifilm g\u00e9peit is b\u00e1rki szem\u00e9lyesen kipr\u00f3b\u00e1lhatja n\u00e1lunk, mert bemutat\u00f3term\u00fcnkben mindig el\u00e9rhet\u0151ek az \u00fajdons\u00e1gok is.<\/p>\n<p><em>Sign&amp;Display magazine<\/em><\/p>\n<\/div><\/div><\/div><\/div><\/div>","protected":false},"excerpt":{"rendered":"","protected":false},"author":5,"featured_media":3429,"comment_status":"closed","ping_status":"open","sticky":false,"template":"","format":"standard","meta":{"_monsterinsights_skip_tracking":false,"_monsterinsights_sitenote_active":false,"_monsterinsights_sitenote_note":"","_monsterinsights_sitenote_category":0,"footnotes":""},"categories":[1],"tags":[],"class_list":["post-3428","post","type-post","status-publish","format-standard","has-post-thumbnail","hentry","category-egyeb"],"aioseo_notices":[],"_links":{"self":[{"href":"https:\/\/www.ppdexpo.hu\/en\/wp-json\/wp\/v2\/posts\/3428","targetHints":{"allow":["GET"]}}],"collection":[{"href":"https:\/\/www.ppdexpo.hu\/en\/wp-json\/wp\/v2\/posts"}],"about":[{"href":"https:\/\/www.ppdexpo.hu\/en\/wp-json\/wp\/v2\/types\/post"}],"author":[{"embeddable":true,"href":"https:\/\/www.ppdexpo.hu\/en\/wp-json\/wp\/v2\/users\/5"}],"replies":[{"embeddable":true,"href":"https:\/\/www.ppdexpo.hu\/en\/wp-json\/wp\/v2\/comments?post=3428"}],"version-history":[{"count":1,"href":"https:\/\/www.ppdexpo.hu\/en\/wp-json\/wp\/v2\/posts\/3428\/revisions"}],"predecessor-version":[{"id":3430,"href":"https:\/\/www.ppdexpo.hu\/en\/wp-json\/wp\/v2\/posts\/3428\/revisions\/3430"}],"wp:featuredmedia":[{"embeddable":true,"href":"https:\/\/www.ppdexpo.hu\/en\/wp-json\/wp\/v2\/media\/3429"}],"wp:attachment":[{"href":"https:\/\/www.ppdexpo.hu\/en\/wp-json\/wp\/v2\/media?parent=3428"}],"wp:term":[{"taxonomy":"category","embeddable":true,"href":"https:\/\/www.ppdexpo.hu\/en\/wp-json\/wp\/v2\/categories?post=3428"},{"taxonomy":"post_tag","embeddable":true,"href":"https:\/\/www.ppdexpo.hu\/en\/wp-json\/wp\/v2\/tags?post=3428"}],"curies":[{"name":"wp","href":"https:\/\/api.w.org\/{rel}","templated":true}]}}